{"id":8210,"date":"2022-09-07T11:38:11","date_gmt":"2022-09-07T11:38:11","guid":{"rendered":"https:\/\/valenti-test.ca\/connexion-avec-la-communaute-les-amis-du-village-beaurepaire\/"},"modified":"2022-09-07T11:38:11","modified_gmt":"2022-09-07T11:38:11","slug":"connexion-avec-la-communaute-les-amis-du-village-beaurepaire","status":"publish","type":"post","link":"https:\/\/broadywindsor.com\/fr\/connexion-avec-la-communaute-les-amis-du-village-beaurepaire\/","title":{"rendered":"Connexion avec la communaut\u00e9 \u2013 Les Amis du Village Beaurepaire"},"content":{"rendered":"\n<p><em><strong>\u00cates-vous int\u00e9ress\u00e9 \u00e0 cr\u00e9er une association de r\u00e9sidents pour dynamiser votre communaut\u00e9 locale\u00a0? Lisez ce qui suit pour en savoir plus sur une initiative mod\u00e8le de l\u2019Ouest-de-l\u2019\u00cele qui a r\u00e9ussi \u00e0 mobiliser les r\u00e9sidents pour favoriser le changement dans leur quartier.<\/strong><\/em><br\/>En tant que\u00a0<a href=\"http:\/\/www.broadywindsor.com\/en\/broker-services\/thinking-of-selling-how-to-choose-a-good-realtor\" target=\"_blank\" rel=\"noreferrer noopener\">courtiers immobiliers<\/a>\u00a0ici dans le magnifique Ouest-de-l\u2019\u00cele, nous connaissons bien l\u2019offre des diff\u00e9rentes municipalit\u00e9s. Cependant, au-del\u00e0 des \u00e9coles, des transports en commun et des commodit\u00e9s locales, certains quartiers se surpassent pour am\u00e9liorer et valoriser leurs communaut\u00e9s locales. Comment, vous demandez-vous\u00a0? Eh bien, c\u2019est en cr\u00e9ant des associations de r\u00e9sidents qui permettent aux r\u00e9sidents d\u2019avoir v\u00e9ritablement leur mot \u00e0 dire sur ce qui se passe dans leur quartier.<br\/><br\/>L&rsquo;une de ces fabuleuses initiatives men\u00e9es par les r\u00e9sidents est\u00a0<a href=\"https:\/\/www.lesamisbeaurepaire.com\/en\" target=\"_blank\" rel=\"noreferrer noopener\">Les Amis du Village Beaurepaire<\/a>. Pour en savoir plus sur cette initiative locale et d\u00e9couvrir comment elle a r\u00e9ussi, nous avons contact\u00e9 son pr\u00e9sident, Brian Miller. Voici comment cet organisme \u00e0 but non lucratif mobilise le pouvoir des r\u00e9sidents pour am\u00e9liorer concr\u00e8tement et durablement la vie communautaire\u2026<\/p>\n\n<h5 class=\"wp-block-heading\"><strong>Tout d\u2019abord, qu\u2019est-ce que Les Amis du Village Beaurepaire ?<\/strong><\/h5>\n\n<p>Les Amis du Village Beaurepaire est une association de r\u00e9sidents cr\u00e9\u00e9e pour permettre aux r\u00e9sidents de contribuer positivement \u00e0 leur communaut\u00e9. Son objectif principal est de f\u00e9d\u00e9rer les habitants gr\u00e2ce \u00e0 des \u00e9v\u00e9nements, des clubs et au soutien aux commerces locaux.<\/p>\n\n<h5 class=\"wp-block-heading\"><strong>&#13;\n<\/strong><strong>Comment et quand a-t-il \u00e9t\u00e9 cr\u00e9\u00e9\u00a0?<\/strong><\/h5>\n\n<p><strong><\/strong><br\/>L&rsquo;initiative a \u00e9t\u00e9 cr\u00e9\u00e9e en mai 2018 apr\u00e8s que Brian et la conseill\u00e8re municipale Dominique Godin (une r\u00e9sidente locale) ont convenu que la communaut\u00e9 pourrait b\u00e9n\u00e9ficier d&rsquo;une association de r\u00e9sidents organis\u00e9e. <br\/><br\/>Inspir\u00e9s par un projet similaire \u00e0 Toronto, les deux ont r\u00e9uni un groupe de personnes partageant les m\u00eames id\u00e9es et une vision commune. \u00c0 savoir, rendre leur belle communaut\u00e9 riveraine encore meilleure. <br\/><br\/>\u00ab Nous \u00e9tions tous d&rsquo;accord, la banlieue avait d\u00e9j\u00e0 beaucoup d&rsquo;atouts \u2013 des rues bord\u00e9es d&rsquo;arbres nich\u00e9es sur les rives du magnifique lac Saint-Louis et une rue principale \u2013 mais il y avait aussi une id\u00e9e r\u00e9pandue qu&rsquo;il y avait du potentiel pour plus \u00bb, a-t-il expliqu\u00e9.<br\/><br\/>Le groupe de b\u00e9n\u00e9voles a commenc\u00e9 modestement, en s&rsquo;impliquant dans une foire artisanale organis\u00e9e par l&rsquo;Association des commer\u00e7ants. \u00c0 partir de l\u00e0, l&rsquo;initiative a pris de plus en plus d&rsquo;ampleur, devenant une communaut\u00e9 dynamique et vibrante qui relie les gens de mani\u00e8re vraiment positive.<\/p>\n\n<h5 class=\"wp-block-heading\"><strong><\/strong><strong><br\/>Quels types d&rsquo;\u00e9v\u00e9nements organisez-vous\u00a0?<\/strong><\/h5>\n\n<p><strong>L&rsquo;initiative propose un calendrier d&rsquo;\u00e9v\u00e9nements bien rempli, notamment\u00a0:<\/strong><br\/><em><strong>&#8211; March\u00e9 BEAU<\/strong><\/em><strong>&#13;\n<\/strong>Ce march\u00e9 fermier hebdomadaire est le fleuron de l&rsquo;Association. Situ\u00e9 \u00e0 l&rsquo;angle du boulevard Beaconsfield et de l&rsquo;avenue Fieldfare, cet \u00e9v\u00e9nement exceptionnel a lieu tous les vendredis de mai \u00e0 septembre. Il rassemble certains des meilleurs agriculteurs et entrepreneurs locaux\u00a0; vous pouvez y acheter des produits frais de saison et des aliments artisanaux, tout en \u00e9coutant de la musique live.<\/p>\n\n<p>Afin de garantir votre plaisir, la route o\u00f9 se d\u00e9roule l\u2019\u00e9v\u00e9nement est ferm\u00e9e \u00e0 la circulation, ce qui d\u00e9montre une fois de plus l\u2019efficacit\u00e9 avec laquelle l\u2019Association des r\u00e9sidents travaille avec la Ville.<\/p>\n\n<figure class=\"wp-block-image\"><img decoding=\"async\" src=\"https:\/\/broadywindsor.com\/media\/beac-journal-photo-size.png\" alt=\"\"\/><\/figure>\n\n<p><strong>&#13;\n<\/strong><em><strong>&#8211; March\u00e9 BEAU+<\/strong><\/em><strong>&#13;\n<\/strong>Si ce n&rsquo;est pas d\u00e9j\u00e0 fait, vous avez encore le temps d&rsquo;assister \u00e0 cet \u00e9v\u00e9nement. Il s&rsquo;agit du March\u00e9 des Vendanges, qui aura lieu le 16 septembre. Consultez le site web et la page Facebook pour plus de d\u00e9tails\u00a0!<\/p>\n\n<p>&#8211;<em><strong>\u00a0Big Beau Garage Sale<\/strong><\/em><strong>&#13;\n<\/strong>Cet \u00e9v\u00e9nement incroyable a eu lieu en mai de cette ann\u00e9e et plus de 170 m\u00e9nages y ont particip\u00e9, ce qui \u00e9tait incroyable pour la communaut\u00e9\u00a0! Inspir\u00e9 par la Grande vente de garage du Glebe \u00e0 Ottawa et le Porchfest \u00e0 NDG, il y avait aussi de la musique en direct dans les quartiers, assurant que les foules \u00e9taient attir\u00e9es.<br\/><br\/>Cet \u00e9v\u00e9nement a \u00e9galement \u00e9t\u00e9 une excellente publicit\u00e9, avec CBC et le\u00a0<a href=\"https:\/\/montrealgazette.com\/news\/local-news\/west-island-gazette\/beaconsfields-beaurepaire-village-to-host-giant-community-garage-sale\" target=\"_blank\" rel=\"noreferrer noopener\">Montreal Gazette<\/a>\u00a0couvrant l&rsquo;histoire locale. L&rsquo;\u00e9v\u00e9nement devrait se r\u00e9p\u00e9ter chaque printemps, alors si vous aimez les ventes de garage, c&rsquo;est certainement une occasion \u00e0 ajouter \u00e0 votre calendrier\u00a0!<\/p>\n\n<figure class=\"wp-block-image\"><img decoding=\"async\" src=\"https:\/\/broadywindsor.com\/media\/bigbeau.jpg\" alt=\"\"\/><\/figure>\n\n<p><em><strong>&#8211; March\u00e9 des f\u00eates<\/strong><\/em><strong>&#13;\n<\/strong>Ce march\u00e9 communautaire des f\u00eates f\u00eate sa troisi\u00e8me \u00e9dition. Si vous aimez les f\u00eates de fin d&rsquo;ann\u00e9e, ne manquez pas cette date\u00a0: il promet d&rsquo;\u00eatre encore plus grand et plus exceptionnel qu&rsquo;avant.<\/p>\n\n<p><img decoding=\"async\" src=\"https:\/\/broadywindsor.com\/media\/beac-journal-photo-size-2.png\"\/><em><strong>&#8211; Clubs et activit\u00e9s<\/strong><\/em><strong>&#13;\n<\/strong>Outre les \u00e9v\u00e9nements communautaires, l&rsquo;initiative am\u00e9liore \u00e9galement la coh\u00e9sion communautaire en promouvant les clubs et activit\u00e9s locaux, tels que le yoga, le paddle board, les groupes de cyclisme et l&rsquo;entra\u00eenement au triathlon.<\/p>\n\n<p>Brian a d&rsquo;ailleurs indiqu\u00e9 que ce lien avec la communaut\u00e9 s&rsquo;\u00e9tait \u00e9galement av\u00e9r\u00e9 utile pendant la pand\u00e9mie. L&rsquo;Association des r\u00e9sidents a non seulement organis\u00e9 une chasse au tr\u00e9sor en respectant les distances, mais a \u00e9galement cr\u00e9\u00e9 des pistes de ski de fond au parc Christmas et au centre de loisirs, qui ont connu un tel succ\u00e8s qu&rsquo;elles ont maintenant \u00e9t\u00e9 adopt\u00e9es par la Ville.<\/p>\n\n<p>Nous \u00e9tions tous b\u00e9n\u00e9voles, le groupe s&rsquo;est mobilis\u00e9, nous avons trouv\u00e9 un concept et construit le traceur et les sentiers. En r\u00e9sum\u00e9, nous avons fait nos preuves, et le succ\u00e8s a \u00e9t\u00e9 tel que, lorsque la Ville a constat\u00e9 la valeur ajout\u00e9e de ces dispositifs pour la communaut\u00e9, elle les a adopt\u00e9s et les entretient d\u00e9sormais.<\/p>\n\n<h5 class=\"wp-block-heading\"><strong>&#13;\nCombien co\u00fbte l&rsquo;adh\u00e9sion\u00a0?&#13;\n<\/strong><\/h5>\n\n<p>L&rsquo;adh\u00e9sion co\u00fbte 20 $ par an et par foyer, et le fait qu&rsquo;elle soit payante renforce incontestablement l&rsquo;influence du groupe. \u00ab Le fait que nous soyons membres payants est un signal important pour la Ville, montrant que nous sommes des partenaires repr\u00e9sentatifs et cr\u00e9dibles. Cela nous donne incontestablement une voix pour influencer le changement \u00bb, a-t-il soulign\u00e9.<br\/><br\/>\u00ab Les membres re\u00e7oivent des mises \u00e0 jour par courriel, sont abonn\u00e9s \u00e0 notre infolettre et peuvent assister \u00e0 notre AGO pour faire entendre leurs id\u00e9es. \u00bb Fait important, Brian a expliqu\u00e9 que les membres peuvent s&rsquo;impliquer autant qu&rsquo;ils le souhaitent, selon le temps qu&rsquo;ils peuvent consacrer. De plus, l&rsquo;adh\u00e9sion n&rsquo;est pas limit\u00e9e par code postal. Bien que les membres principaux soient locaux, n&rsquo;importe qui peut devenir Ami de Beaurepaire, m\u00eame s&rsquo;il vit aussi loin que l&rsquo;Australie\u00a0!<\/p>\n\n<h5 class=\"wp-block-heading\"><strong>&#13;\nCombien de membres avez-vous\u00a0?<\/strong><\/h5>\n\n<p>Les membres renouvellent leur adh\u00e9sion chaque ann\u00e9e et, selon Brian, l&rsquo;organisation compte environ 150 membres actifs, dont plus de 300 inscrits \u00e0 sa liste de diffusion. Il a d\u00e9clar\u00e9\u00a0: \u00ab\u00a0Il est important de maintenir un bon niveau d&rsquo;adh\u00e9sion afin de garantir la repr\u00e9sentation de la communaut\u00e9 locale et de mobiliser les citoyens pour le changement.\u00a0\u00bb<\/p>\n\n<h5 class=\"wp-block-heading\">Comment les gens peuvent-ils adh\u00e9rer ?<\/h5>\n\n<p>Les personnes souhaitant devenir membre ou en savoir plus sur l&rsquo;initiative peuvent consulter le site web et suivre le fil Facebook. L&rsquo;inscription est tr\u00e8s simple et vous pouvez imm\u00e9diatement commencer \u00e0 appr\u00e9cier votre appartenance \u00e0 cette association de r\u00e9sidents dynamique \u00e0 but non lucratif.<br\/><strong>&#13;\nQuels conseils donneriez-vous \u00e0 ceux qui envisagent de cr\u00e9er une entreprise similaire\u00a0?&#13;\nSelon Brian, il est essentiel de trouver une activit\u00e9 qui rassemble les gens. Ainsi, vous susciterez leur engagement. \u00ab\u00a0Commencez petit et en groupe\u00a0\u00bb o\u00ab\u00a0Pour des personnes partageant les m\u00eames id\u00e9es et cr\u00e9er des \u00e9v\u00e9nements communautaires qui rassemblent les gens\u00a0\u00bb, a-t-il conseill\u00e9.\u00a0<\/strong><br\/><strong>&#13;\n\u00ab\u00a0Lorsqu&rsquo;il s&rsquo;agit d&rsquo;un \u00e9v\u00e9nement comme le March\u00e9 Beau, il s&rsquo;agit \u00e9galement de r\u00e9imaginer un espace. Les gens peuvent parler de ce qui manque, mais c&rsquo;est la question de l&rsquo;\u0153uf et de la poule. Si les gens ne viennent pas, les entreprises n&rsquo;existent pas\u00a0; et les gens ont besoin de quelque chose qui les attire, pour vraiment venir. Le march\u00e9 offre l&rsquo;occasion id\u00e9ale pour cela, car il n&rsquo;est pas un \u00e9v\u00e9nement permanent, aNous avons inclus de la musique live pour encourager les gens \u00e0 rester, ce qui est bon pour les commer\u00e7ants et pour la communaut\u00e9. \u00bb<\/strong><br\/><strong>&#13;\nEn termes de gestion, il a conclu : \u00ab Apr\u00e8s des d\u00e9buts modestes, nous avons maintenant six membres du conseil d&rsquo;administration et environ 50 personnes qui s&rsquo;impliquent activement dans les comit\u00e9s directeurs ou qui assument des responsabilit\u00e9s plus modestes telles que le contr\u00f4le de la circulation et la distribution de bulletins d&rsquo;information. En substance, nous avons cr\u00e9\u00e9 un \u00e9cosyst\u00e8me \u00ab L\u00e0 o\u00f9 les plans et les id\u00e9es naissent ; certains se concr\u00e9tiseront, en fonction de l\u2019int\u00e9r\u00eat collectif et de l\u2019existence d\u2019une \u00e9quipe pour les mener \u00e0 bien. \u00bb<\/strong><\/p>\n\n<h5 class=\"wp-block-heading\"><strong><br\/><\/strong>Qu&rsquo;en est-il des projets pour l&rsquo;avenir\u00a0?<\/h5>\n\n<p>Enfin, nous avons demand\u00e9 quels \u00e9taient les objectifs futurs de l&rsquo;initiative. \u00ab Nous souhaitons poursuivre sur la lanc\u00e9e de nos r\u00e9alisations et continuer \u00e0 trouver de nouvelles fa\u00e7ons pour les r\u00e9sidents de contribuer \u00e0 la vie de la communaut\u00e9 \u00bb, a-t-il expliqu\u00e9.<\/p>\n\n<p>Nous esp\u00e9rons que cet article vous a aid\u00e9 \u00e0 comprendre le changement positif que vous pouvez apporter \u00e0 votre communaut\u00e9 locale. Comme le conclut Brian\u00a0: \u00ab\u00a0C&rsquo;est le pouvoir des citoyens. Les gens peuvent exprimer leurs manques, mais seul, en s&rsquo;exprimant d&rsquo;une seule voix, il est tr\u00e8s difficile d&rsquo;apporter des changements. Mais rassemblez-vous, investissez-vous et vous verrez ce que vous pouvez accomplir.\u00a0\u00bb<\/p>\n","protected":false},"excerpt":{"rendered":"<p>\u00cates-vous int\u00e9ress\u00e9 \u00e0 cr\u00e9er une association de r\u00e9sidents pour dynamiser votre communaut\u00e9 locale\u00a0? Lisez ce qui suit pour en savoir plus sur une initiative mod\u00e8le de l\u2019Ouest-de-l\u2019\u00cele qui a r\u00e9ussi \u00e0 mobiliser les r\u00e9sidents pour favoriser le changement dans leur quartier.En tant que\u00a0courtiers immobiliers\u00a0ici dans le magnifique Ouest-de-l\u2019\u00cele, nous connaissons bien l\u2019offre des diff\u00e9rentes municipalit\u00e9s. [&hellip;]<\/p>\n","protected":false},"author":2,"featured_media":636,"comment_status":"open","ping_status":"open","sticky":false,"template":"","format":"standard","meta":{"_acf_changed":false,"footnotes":""},"categories":[11],"tags":[],"class_list":["post-8210","post","type-post","status-publish","format-standard","has-post-thumbnail","hentry","category-non-classifiee"],"acf":[],"_links":{"self":[{"href":"https:\/\/broadywindsor.com\/fr\/wp-json\/wp\/v2\/posts\/8210","targetHints":{"allow":["GET"]}}],"collection":[{"href":"https:\/\/broadywindsor.com\/fr\/wp-json\/wp\/v2\/posts"}],"about":[{"href":"https:\/\/broadywindsor.com\/fr\/wp-json\/wp\/v2\/types\/post"}],"author":[{"embeddable":true,"href":"https:\/\/broadywindsor.com\/fr\/wp-json\/wp\/v2\/users\/2"}],"replies":[{"embeddable":true,"href":"https:\/\/broadywindsor.com\/fr\/wp-json\/wp\/v2\/comments?post=8210"}],"version-history":[{"count":0,"href":"https:\/\/broadywindsor.com\/fr\/wp-json\/wp\/v2\/posts\/8210\/revisions"}],"wp:featuredmedia":[{"embeddable":true,"href":"https:\/\/broadywindsor.com\/fr\/wp-json\/wp\/v2\/media\/636"}],"wp:attachment":[{"href":"https:\/\/broadywindsor.com\/fr\/wp-json\/wp\/v2\/media?parent=8210"}],"wp:term":[{"taxonomy":"category","embeddable":true,"href":"https:\/\/broadywindsor.com\/fr\/wp-json\/wp\/v2\/categories?post=8210"},{"taxonomy":"post_tag","embeddable":true,"href":"https:\/\/broadywindsor.com\/fr\/wp-json\/wp\/v2\/tags?post=8210"}],"curies":[{"name":"wp","href":"https:\/\/api.w.org\/{rel}","templated":true}]}}